{"id":2322,"date":"2010-09-17T11:49:29","date_gmt":"2010-09-17T14:49:29","guid":{"rendered":"http:\/\/www.consciencia.org\/neiduclos\/?p=2322"},"modified":"2010-09-17T11:55:15","modified_gmt":"2010-09-17T14:55:15","slug":"o-que-e-blog","status":"publish","type":"post","link":"http:\/\/www.consciencia.org\/neiduclos\/o-que-e-blog","title":{"rendered":"O QUE \u00c9 BLOG?"},"content":{"rendered":"<p><strong>Nei Ducl\u00f3s<\/strong><\/p>\n<p><em>Cansado desse expediente maroto das figuras carimbadas que se apropriam das inova\u00e7\u00f5es para reiterar o Mesmo \u2013 a respectiva posi\u00e7\u00e3o de destaque em qualquer m\u00eddia \u2013 resolvi conceituar um pouco a esmo sobre blog no Twitter. S\u00e3o frases contra a esperteza de quem sempre viveu no bem bom agarrado ao patronato da imprensa e agora, quando h\u00e1 uma revolu\u00e7\u00e3o com a internet \u2013 a m\u00eddia das fontes \u2013 se colocam na frente do bloco para fazer evolu\u00e7\u00f5es. J\u00e1 tem at\u00e9 encontro de gente que faz blog. Quem est\u00e1 l\u00e1, em destaque? Eles, sempre eles. Todos sabem quem s\u00e3o.<\/em><\/p>\n<p>Vamos \u00e0s frases. No p\u00e9, uma nova se\u00e7\u00e3o, P\u00edlulas Para Tudo, coisas ditas no bate-pronto na milit\u00e2ncia di\u00e1ria da palavra.<\/p>\n<p>Blog de jornal\u00e3o n\u00e3o \u00e9 blog, \u00e9 coluna. Blog bate em jornal\u00e3o<\/p>\n<p>Blog que tem p\u00fablico alvo n\u00e3o \u00e9 blog, \u00e9 ag\u00eancia de publicidade<\/p>\n<p>Conte\u00fado \u00e9 o acordo entre jornalismo e propaganda. Blog n\u00e3o tem conte\u00fado nem atitude. Blog apronta<\/p>\n<p>Blog \u00e9 tudo, inclusive imprensa. A diferen\u00e7a \u00e9 que n\u00e3o precisa ir no beija m\u00e3o do \u00faltimo andar<\/p>\n<p>O melhor do blog \u00e9 que n\u00e3o tem diretor de reda\u00e7\u00e3o dizendo \u201cmeu caro, n\u00e3o \u00e9 bem assim\u201d<\/p>\n<p>O bom de publicar em blog \u00e9 que n\u00e3o precisa cortar a mat\u00e9ria pelo p\u00e9<\/p>\n<p>O deadline do blog \u00e9 ontem. Ou depois de amanh\u00e3, tanto faz<\/p>\n<p>O blog tem a vantagem de n\u00e3o ser substitu\u00eddo em massa pelo newblog<\/p>\n<p>Blog aparelhado \u00e9 cal\u00fania<\/p>\n<p>Voc\u00ea n\u00e3o fecha uma edi\u00e7\u00e3o do blog e vai para a happy hour. Vai para o twitter<\/p>\n<p>Por uma quest\u00e3o de princ\u00edpios, lead do blog \u00e9 no p\u00e9.<\/p>\n<p>Blog n\u00e3o fede nem cheira, mas faz barulho<\/p>\n<p>Blog n\u00e3o d\u00e1 status nem faz parte do curr\u00edculo. Blog \u00e9 o que se dizia no bar e hoje se diz na cara. Blog \u00e9 pau e n\u00e3o pose<\/p>\n<p>Por n\u00e3o ser pose, blog tamb\u00e9m n\u00e3o \u00e9 metralhadora girat\u00f3ria.<\/p>\n<p>Blog bate em ombudsman e publica<\/p>\n<p>\u201cLeste meu post hoje?\u201d perguntar\u00e1 Deus quando chegar a nossa hora\u201d. \u201cTuitaste?\u201d deve ser a resposta<\/p>\n<p><strong>P\u00cdLULAS PARA TUDO<\/strong><\/p>\n<p>O melhor momento para dizer o que pensa sem ferir ningu\u00e9m \u00e9 de manh\u00e3 e tamb\u00e9m no resto do dia<\/p>\n<p>N\u00e3o diga que respeita aquilo que despreza. N\u00e3o despreze, assim n\u00e3o precisar\u00e1 mentir que respeita<\/p>\n<p>Tombar um pr\u00e9dio \u00e9 abandon\u00e1-lo \u00e0 pr\u00f3pria sorte, prejudicar os propriet\u00e1rios e no fim deixar que tudo venha abaixo<\/p>\n<p>N\u00e3o somos um pa\u00eds, somos um bando<\/p>\n<p>Em vez de ensinar franc\u00eas, ingl\u00eas, latim, m\u00fasica e trabalhos manuais, como antigamente,as escolas agora distribuem camisinhas<\/p>\n<p>O ensino compulsivo da capoeira e o exerc\u00edcio irrefreado da bate\u00e7\u00e3o de lata substitu\u00edram a tabuada e o beab\u00e1<\/p>\n<p>Biodiversidade \u00e9 garantir a sobreviv\u00eancia das tartarugas e deixar que o resto da fauna se estrepe<\/p>\n<p>Consultar a sociedade \u00e9 perguntar as horas para quem passa e n\u00e3o escutar a resposta<\/p>\n<p>Expertise \u00e9 malandragem com grife<\/p>\n<p>Blindar \u00e9 quando o Cebolinha levanta a ta\u00e7a para os convivas<\/p>\n<p>A realidade \u00e9 uma monumental cal\u00fania da imprensa<\/p>\n<p>No Brasil da ditadura, o problema da imprensa n\u00e3o \u00e9 o excesso de liberdade, mas o fato de ser t\u00e3o in\u00f3cua quanto uma bengalada<\/p>\n<p>N\u00e3o existe analfabeto \u201cfuncional\u201d, conceito inventado para manipular estat\u00edsticas. . Quem n\u00e3o entende o que l\u00ea \u00e9 analfabeto ponto<\/p>\n<p>Pessoas de bem n\u00e3o precisam da ousadia dos canalhas, precisam da ousadia das pessoas de bem<\/p>\n<p>Antes, os pol\u00edticos roubavam. Hoje, os ladr\u00f5es fazem pol\u00edtica. \u00c9 uma diferen\u00e7a e tanto.<\/p>\n<p>O voto obrigat\u00f3rio \u00e9 como casamento na ro\u00e7a, com o coronel armado de trabuco em cima do noivo<\/p>\n<p>Dever\u00edamos ser dispensados de votar. Eles que disputem no par ou \u00edmpar<\/p>\n<p>Quando crian\u00e7as, sonh\u00e1vamos com o mundo encantado em que os animais falavam. Fomos atendidos.<\/p>\n<p>Sobras de campanha somos n\u00f3s<\/p>\n","protected":false},"excerpt":{"rendered":"<p>Nei Ducl\u00f3s Cansado desse expediente maroto das figuras carimbadas que se apropriam das inova\u00e7\u00f5es para reiterar o Mesmo \u2013 a respectiva posi\u00e7\u00e3o de destaque em qualquer m\u00eddia \u2013 resolvi conceituar um pouco a esmo sobre blog no Twitter. S\u00e3o frases contra a esperteza de quem sempre viveu no bem bom agarrado ao patronato da imprensa [&hellip;]<\/p>\n","protected":false},"author":2,"featured_media":0,"comment_status":"open","ping_status":"open","sticky":false,"template":"","format":"standard","meta":[],"categories":[7],"tags":[],"_links":{"self":[{"href":"http:\/\/www.consciencia.org\/neiduclos\/wp-json\/wp\/v2\/posts\/2322"}],"collection":[{"href":"http:\/\/www.consciencia.org\/neiduclos\/wp-json\/wp\/v2\/posts"}],"about":[{"href":"http:\/\/www.consciencia.org\/neiduclos\/wp-json\/wp\/v2\/types\/post"}],"author":[{"embeddable":true,"href":"http:\/\/www.consciencia.org\/neiduclos\/wp-json\/wp\/v2\/users\/2"}],"replies":[{"embeddable":true,"href":"http:\/\/www.consciencia.org\/neiduclos\/wp-json\/wp\/v2\/comments?post=2322"}],"version-history":[{"count":3,"href":"http:\/\/www.consciencia.org\/neiduclos\/wp-json\/wp\/v2\/posts\/2322\/revisions"}],"predecessor-version":[{"id":2324,"href":"http:\/\/www.consciencia.org\/neiduclos\/wp-json\/wp\/v2\/posts\/2322\/revisions\/2324"}],"wp:attachment":[{"href":"http:\/\/www.consciencia.org\/neiduclos\/wp-json\/wp\/v2\/media?parent=2322"}],"wp:term":[{"taxonomy":"category","embeddable":true,"href":"http:\/\/www.consciencia.org\/neiduclos\/wp-json\/wp\/v2\/categories?post=2322"},{"taxonomy":"post_tag","embeddable":true,"href":"http:\/\/www.consciencia.org\/neiduclos\/wp-json\/wp\/v2\/tags?post=2322"}],"curies":[{"name":"wp","href":"https:\/\/api.w.org\/{rel}","templated":true}]}}