{"id":2330,"date":"2010-09-29T10:43:04","date_gmt":"2010-09-29T13:43:04","guid":{"rendered":"http:\/\/www.consciencia.org\/neiduclos\/?p=2330"},"modified":"2010-09-29T10:43:04","modified_gmt":"2010-09-29T13:43:04","slug":"cacarecos","status":"publish","type":"post","link":"http:\/\/www.consciencia.org\/neiduclos\/cacarecos","title":{"rendered":"CACARECOS"},"content":{"rendered":"<p><strong>Nei Ducl\u00f3s<\/strong><\/p>\n<p>H\u00e1 uma diferen\u00e7a radical entre Cacareco e Tiririca. Cacareco n\u00e3o era para valer, foi \u201celeito\u201d, mas n\u00e3o assumiu, enquanto o humorista Everardo Oliveira Silva poder\u00e1 ser deputado federal com 1 milh\u00e3o de votos, segundo estimativas, um volume dez vezes maior do que o obtido pelo rinoceronte do zoo paulistano em 1958. Outra diferen\u00e7a \u00e9 que Cacareco era um protesto, n\u00e3o fazia parte da pol\u00edtica oficial, o que n\u00e3o acontece com Tiririca, que tem candidatura registrada e \u00e9 membro de partido com firma reconhecida.<\/p>\n<p>O que os dois tem em comum \u00e9 que suas candidaturas n\u00e3o s\u00e3o espont\u00e2neas, foram plantadas. Nos anos 50, a sugest\u00e3o do jornalista Itabora\u00ed Matins, revoltado com a baixa qualidade dos concorrentes \u00e0 C\u00e2mara Municipal de S\u00e3o Paulo, obteve apoio de peso do movimento pr\u00f3-independ\u00eancia do antigo bairro de Osasco, que hoje \u00e9 cidade. J\u00e1 existiam 300 nomes da regi\u00e3o para as elei\u00e7\u00f5es, mas a proposta foi podada pela Justi\u00e7a. Revoltados, os l\u00edderes pol\u00edticos de Osasco imprimiram cem mil c\u00e9dulas do rinoceronte para serem colocadas nas urnas.<\/p>\n<p>O povo foi estimulado a se insurgir contra aquilo que j\u00e1 t\u00ednhamos em excesso e hoje faz parte da paisagem: a incompet\u00eancia e a falsidade, para n\u00e3o dizer coisa pior dos pol\u00edticos. Como a situa\u00e7\u00e3o n\u00e3o mudou, o fen\u00f4meno repercutiu tempo afora e resiste como modelo de den\u00fancia contra quem se candidata a cargos p\u00fablicos, vence e acaba fazendo tudo o contr\u00e1rio do que pregou. A hist\u00f3ria explodiu quando as marchinhas de carnaval, que na \u00e9poca ganhavam refor\u00e7o dos humoristas, acolheram o novo personagem.<\/p>\n<p>Um deles era Adoniran Barbosa. Na r\u00e1dio ele interpretava uma cria\u00e7\u00e3o sua, Esp\u00fario da Silva, que teria perdido, segundo m\u00fasica de grande sucesso, a amada e pedia para ela voltar. O refr\u00e3o era \u201caqui, Gerarda\u201d, com o erre que \u00e9 a marca do cancioneiro paulistano de Adoniran e que, curiosamente, sobrevive no Everardo de Tiririca. O sucesso influenciou outra marchinha, feita em homenagem ao Cacareco, por obra dos compositores Risadinha (Francisco Ferraz Neto ) e Jos\u00e9 Roy, que capricharam na cita\u00e7\u00e3o. Enquanto Adoniran fala em \u201cVoc\u00ea gosta de salsicha com mostarda\u201d, a nova m\u00fasica descrevia o rinoceronte vitorioso \u201ctomando chope com salsicha e rabanada\u201d e repetindo o refr\u00e3o consagrado de Adoniran.<\/p>\n<p>Eram outros tempos. Quando havia Brasil, n\u00e3o ru\u00ednas.<\/p>\n<p><em>Cr\u00f4nica publicada no dia 21 de setembro de 2010, no caderno Variedades, do Di\u00e1rio Catarinense.<\/em><\/p>\n","protected":false},"excerpt":{"rendered":"<p>Nei Ducl\u00f3s H\u00e1 uma diferen\u00e7a radical entre Cacareco e Tiririca. Cacareco n\u00e3o era para valer, foi \u201celeito\u201d, mas n\u00e3o assumiu, enquanto o humorista Everardo Oliveira Silva poder\u00e1 ser deputado federal com 1 milh\u00e3o de votos, segundo estimativas, um volume dez vezes maior do que o obtido pelo rinoceronte do zoo paulistano em 1958. Outra diferen\u00e7a [&hellip;]<\/p>\n","protected":false},"author":2,"featured_media":0,"comment_status":"open","ping_status":"open","sticky":false,"template":"","format":"standard","meta":[],"categories":[6],"tags":[],"_links":{"self":[{"href":"http:\/\/www.consciencia.org\/neiduclos\/wp-json\/wp\/v2\/posts\/2330"}],"collection":[{"href":"http:\/\/www.consciencia.org\/neiduclos\/wp-json\/wp\/v2\/posts"}],"about":[{"href":"http:\/\/www.consciencia.org\/neiduclos\/wp-json\/wp\/v2\/types\/post"}],"author":[{"embeddable":true,"href":"http:\/\/www.consciencia.org\/neiduclos\/wp-json\/wp\/v2\/users\/2"}],"replies":[{"embeddable":true,"href":"http:\/\/www.consciencia.org\/neiduclos\/wp-json\/wp\/v2\/comments?post=2330"}],"version-history":[{"count":2,"href":"http:\/\/www.consciencia.org\/neiduclos\/wp-json\/wp\/v2\/posts\/2330\/revisions"}],"predecessor-version":[{"id":2332,"href":"http:\/\/www.consciencia.org\/neiduclos\/wp-json\/wp\/v2\/posts\/2330\/revisions\/2332"}],"wp:attachment":[{"href":"http:\/\/www.consciencia.org\/neiduclos\/wp-json\/wp\/v2\/media?parent=2330"}],"wp:term":[{"taxonomy":"category","embeddable":true,"href":"http:\/\/www.consciencia.org\/neiduclos\/wp-json\/wp\/v2\/categories?post=2330"},{"taxonomy":"post_tag","embeddable":true,"href":"http:\/\/www.consciencia.org\/neiduclos\/wp-json\/wp\/v2\/tags?post=2330"}],"curies":[{"name":"wp","href":"https:\/\/api.w.org\/{rel}","templated":true}]}}