{"id":2338,"date":"2010-09-29T10:49:58","date_gmt":"2010-09-29T13:49:58","guid":{"rendered":"http:\/\/www.consciencia.org\/neiduclos\/?p=2338"},"modified":"2010-09-29T10:49:58","modified_gmt":"2010-09-29T13:49:58","slug":"poderes-magicos","status":"publish","type":"post","link":"http:\/\/www.consciencia.org\/neiduclos\/poderes-magicos","title":{"rendered":"PODERES M\u00c1GICOS"},"content":{"rendered":"<p><strong>Nei Ducl\u00f3s<\/strong><\/p>\n<p>Temos poderes que driblam as leis da f\u00edsica, mas passam desapercebidos. Soube de algu\u00e9m que conseguia colocar sempre a camiseta pelo lado contr\u00e1rio sem que houvesse explica\u00e7\u00e3o para isso. Cansado desse erro prim\u00e1rio, treinou sua aten\u00e7\u00e3o para definir o lado certo no momento de vestir-se. Tinha ataques de f\u00faria quando via que seu esfor\u00e7o era in\u00fatil. Precisava tirar a pe\u00e7a, vir\u00e1-la de modo certo e a\u00ed sim colocar como se deve.<\/p>\n<p>Pode-se argumentar que o sujeito n\u00e3o passa de um distra\u00eddo, um perdedor, como \u00e9 moda se referir hoje aos exc\u00eantricos. Pessoa vencedora n\u00e3o ser atrapalha em coisas t\u00e3o \u00f3bvias. Esse argumento seria admiss\u00edvel se os poderes m\u00e1gicos se limitassem apenas \u00e0 troca da frente pelas costas num toque misterioso. O problema \u00e9 que a toda hora fazemos milagres, achando que s\u00e3o apenas eventos de rotina. Soube de um paulistano que tinha o dom do teletransporte. Mal colocava o p\u00e9 na rua e j\u00e1 estava em frente ao micro no emprego. Certo, dir\u00e3o, ele automatizou tanto o trajeto que acabou perdendo o foco. Seu corpo saberia o caminho.<\/p>\n<p>N\u00e3o acredito. Acho mesmo que podemos de romper barreiras, tanto com o pensamento quanto com um gesto. Tem aquela do garoto que colocou um peda\u00e7o de madeira irregular no bodoque e apenas imaginou acertar num fio estendido muito longe. Cantou a bola antes e acertou, para espanto geral. Energia cin\u00e9tica, neurobiologia, dizem os cient\u00edficos. Essas coisas fora do comum s\u00e3o tratadas com indiferen\u00e7a. At\u00e9 hoje definem aquele gol do Ronaldinho Ga\u00facho, a cem quil\u00f4metros de dist\u00e2ncia, contra a Inglaterra na Copa de 2002, quando a bola fez uma elipse, entrou num espa\u00e7o qu\u00e2ntico e beijou a rede, como obra da sorte. Foi coisa de m\u00e1gico, s\u00f3 que sem cartola.<\/p>\n<p>Uma vez, constru\u00ed com a mente uma cidade inteira, enorme, que ficava exatamente ao lado da minha cidade natal. Fiquei pasmo diante daquilo. Dentro do autom\u00f3vel dos meus pais, eu olhava assombrado ruas, avenidas e casas desconhecidas, t\u00e3o pr\u00f3ximas e por onde eu jamais tinha passado. Ao terceiro grito de \u201cque cidade \u00e9 esta?\u201d, minha m\u00e3e, cansada do filho avoado, que n\u00e3o viu o carro sair do per\u00edmetro urbano, pegar a estrada e embicar pelo lado oposto ao que est\u00e1vamos acostumados, respondeu de maneira contundente:<br \/>\n&#8211; Mas \u00e9 a nossa cidade, seu!<\/p>\n<p>At\u00e9 hoje n\u00e3o me convenci. Nunca mais vi aquelas cenas de novo.<\/p>\n<p><em>Cr\u00f4nica publicada no\u00a0 dia 28 de setembro de 2010, no caderno Variedades, do Di\u00e1rio Catarinense<\/em><\/p>\n","protected":false},"excerpt":{"rendered":"<p>Nei Ducl\u00f3s Temos poderes que driblam as leis da f\u00edsica, mas passam desapercebidos. Soube de algu\u00e9m que conseguia colocar sempre a camiseta pelo lado contr\u00e1rio sem que houvesse explica\u00e7\u00e3o para isso. Cansado desse erro prim\u00e1rio, treinou sua aten\u00e7\u00e3o para definir o lado certo no momento de vestir-se. Tinha ataques de f\u00faria quando via que seu [&hellip;]<\/p>\n","protected":false},"author":2,"featured_media":0,"comment_status":"open","ping_status":"open","sticky":false,"template":"","format":"standard","meta":[],"categories":[6],"tags":[],"_links":{"self":[{"href":"http:\/\/www.consciencia.org\/neiduclos\/wp-json\/wp\/v2\/posts\/2338"}],"collection":[{"href":"http:\/\/www.consciencia.org\/neiduclos\/wp-json\/wp\/v2\/posts"}],"about":[{"href":"http:\/\/www.consciencia.org\/neiduclos\/wp-json\/wp\/v2\/types\/post"}],"author":[{"embeddable":true,"href":"http:\/\/www.consciencia.org\/neiduclos\/wp-json\/wp\/v2\/users\/2"}],"replies":[{"embeddable":true,"href":"http:\/\/www.consciencia.org\/neiduclos\/wp-json\/wp\/v2\/comments?post=2338"}],"version-history":[{"count":1,"href":"http:\/\/www.consciencia.org\/neiduclos\/wp-json\/wp\/v2\/posts\/2338\/revisions"}],"predecessor-version":[{"id":2339,"href":"http:\/\/www.consciencia.org\/neiduclos\/wp-json\/wp\/v2\/posts\/2338\/revisions\/2339"}],"wp:attachment":[{"href":"http:\/\/www.consciencia.org\/neiduclos\/wp-json\/wp\/v2\/media?parent=2338"}],"wp:term":[{"taxonomy":"category","embeddable":true,"href":"http:\/\/www.consciencia.org\/neiduclos\/wp-json\/wp\/v2\/categories?post=2338"},{"taxonomy":"post_tag","embeddable":true,"href":"http:\/\/www.consciencia.org\/neiduclos\/wp-json\/wp\/v2\/tags?post=2338"}],"curies":[{"name":"wp","href":"https:\/\/api.w.org\/{rel}","templated":true}]}}